{"id":6312,"date":"2025-06-23T10:35:08","date_gmt":"2025-06-23T08:35:08","guid":{"rendered":"https:\/\/mcvsa.com\/?p=6312"},"modified":"2026-04-13T12:53:53","modified_gmt":"2026-04-13T10:53:53","slug":"pacto-verde-y-del-plan-contaminacion-cero-de-la-ue","status":"publish","type":"post","link":"https:\/\/mcvsa.com\/es\/pacto-verde-y-del-plan-contaminacion-cero-de-la-ue\/","title":{"rendered":"Pacto Verde y del Plan \u00abContaminaci\u00f3n Cero\u00bb de la UE"},"content":{"rendered":"\t\t<div data-elementor-type=\"wp-post\" data-elementor-id=\"6312\" class=\"elementor elementor-6312\" data-elementor-post-type=\"post\">\n\t\t\t\t<div class=\"elementor-element elementor-element-4cb6363c e-flex e-con-boxed e-con e-parent\" data-id=\"4cb6363c\" data-element_type=\"container\" data-e-type=\"container\">\n\t\t\t\t\t<div class=\"e-con-inner\">\n\t\t\t\t<div class=\"elementor-element elementor-element-2952edfb elementor-widget elementor-widget-text-editor\" data-id=\"2952edfb\" data-element_type=\"widget\" data-e-type=\"widget\" data-widget_type=\"text-editor.default\">\n\t\t\t\t<div class=\"elementor-widget-container\">\n\t\t\t\t\t\t\t\t\t\n<p><strong>Objeto y alcance<\/strong><br>El art\u00edculo 1 fija la meta de \u00abausencia de contaminaci\u00f3n\u00bb en 2050 mediante valores l\u00edmite, valores objetivo y umbrales recogidos en el anexo I. El art\u00edculo 2 ordena: definir est\u00e1ndares, armonizar mediciones, vigilar tendencias, garantizar datos comparables, conservar la buena calidad y reforzar la cooperaci\u00f3n transfronteriza.<\/p>\n\n\n\n<p><strong>Revisi\u00f3n cient\u00edfica continua<\/strong><br>El art\u00edculo 3 obliga a la Comisi\u00f3n a revisar la ciencia antes de 2030 y luego cada cinco a\u00f1os, con posibilidad de actualizar l\u00edmites o incluir nuevos contaminantes.<\/p>\n\n\n\n<p><strong>Normas de calidad<\/strong><br>Los art\u00edculos 13-16 establecen:<\/p>\n\n\n\n<ul class=\"wp-block-list\">\n<li>Valores l\u00edmite vinculantes para PM\u2082.\u2085, PM\u2081\u2080, NO\u2082, SO\u2082, O\u2083, benceno, CO, metales y PAH, a cumplir el 1 de enero de 2030 (con pr\u00f3rroga limitada v\u00eda art\u00edculo 18).<\/li>\n\n\n\n<li>Obligaciones de reducci\u00f3n de la <strong>exposici\u00f3n media urbana<\/strong> a PM\u2082.\u2085 y NO\u2082.<\/li>\n\n\n\n<li>Niveles cr\u00edticos para ecosistemas y umbrales de alerta que activan avisos r\u00e1pidos y medidas de emergencia.<br>Se ampl\u00eda el control a part\u00edculas ultrafinas y carbono negro mediante \u201csuperemplazamientos\u201d.<\/li>\n<\/ul>\n\n\n\n<p><strong>Planificaci\u00f3n y acci\u00f3n<\/strong><br>Cuando se supere un est\u00e1ndar, el Estado miembro debe adoptar un <strong>plan de calidad del aire<\/strong> con fuentes, medidas y calendario. Si entre 2026-2029 las concentraciones siguen por encima de los valores de 2030, se exigir\u00e1 una <strong>hoja de ruta<\/strong> con metas anuales verificables. Para episodios agudos, se activar\u00e1n <strong>planes de acci\u00f3n a corto plazo<\/strong>.<\/p>\n\n\n\n<p><strong>Fuentes naturales y cooperaci\u00f3n<\/strong><br>El art\u00edculo 16 permite excluir superaciones atribuibles a fuentes naturales debidamente documentadas y promueve la coordinaci\u00f3n entre Estados.<\/p>\n\n\n\n<p><strong>Red de vigilancia y calidad de datos<\/strong><br>El cap\u00edtulo III refuerza la infraestructura de seguimiento: cada zona debe contar con un n\u00famero m\u00ednimo de estaciones ajustado a poblaci\u00f3n y emisiones, y se crean \u201csuperemplazamientos\u201d para ultrafinas, carbono negro y amon\u00edaco. Las estaciones deber\u00e1n calibrarse anualmente; los datos validados se enviar\u00e1n diariamente a la Agencia Europea de Medio Ambiente, se conservar\u00e1n diez a\u00f1os y se divulgar\u00e1n en formatos abiertos.<\/p>\n\n\n\n<p><strong>Evaluaci\u00f3n e informaci\u00f3n p\u00fablica<\/strong><br>Se eleva la densidad de estaciones, se normaliza la modelizaci\u00f3n y se crea un <strong>\u00cdndice Europeo de Calidad del Aire<\/strong> horario accesible en l\u00ednea. Los Estados deber\u00e1n alertar a la poblaci\u00f3n \u201cen pocas horas\u201d cuando se superen los umbrales.<\/p>\n\n\n\n<p><strong>Derechos ciudadanos<\/strong><br>El cap\u00edtulo VII concede a particulares y ONG legitimaci\u00f3n para impugnar ante tribunales la ubicaci\u00f3n de estaciones y los planes; los procedimientos han de ser r\u00e1pidos y asequibles. Quienes sufran da\u00f1os de salud por infracciones dolosas o negligentes tendr\u00e1n derecho a <strong>indemnizaci\u00f3n<\/strong>, y los Estados deber\u00e1n imponer <strong>sanciones disuasorias<\/strong>.<\/p>\n\n\n\n<p><strong>Principios de pol\u00edtica<\/strong><br>La Directiva aplica precauci\u00f3n, prevenci\u00f3n y \u00abquien contamina paga\u00bb, conecta aire limpio con clima, energ\u00eda y transporte y contribuye a los ODS 3, 7, 10, 11 y 13.<\/p>\n\n\n\n<p><strong>Calendario y derogaciones<\/strong><br>Entra en vigor veinte d\u00edas tras su publicaci\u00f3n; la mayor\u00eda de sus art\u00edculos ser\u00e1n operativos desde el 12 de diciembre de 2026, momento en que quedar\u00e1n derogadas las Directivas previas. Los Estados disponen de dos a\u00f1os para transponer y reforzar sus redes de control.<\/p>\n\n\n\n<p><strong>Innovaciones clave<\/strong><\/p>\n\n\n\n<ol class=\"wp-block-list\">\n<li>Alineaci\u00f3n con la OMS: el l\u00edmite anual de PM\u2082.\u2085 baja a 10 \u00b5g\/m\u00b3.<\/li>\n\n\n\n<li>Derecho a compensaci\u00f3n sanitaria frente a incumplimientos.<\/li>\n\n\n\n<li>Hojas de ruta 2026-2029 con seguimiento anual.<\/li>\n\n\n\n<li>Monitorizaci\u00f3n ampliada (ultrafinas, carbono negro, amon\u00edaco).<\/li>\n\n\n\n<li>Acceso a la justicia reforzado y costes asumibles.<\/li>\n\n\n\n<li>\u00cdndice digital horario y alerta p\u00fablica veloz.<\/li>\n<\/ol>\n\n\n\n<p>Con este paquete legislativo la UE aspira a prevenir decenas de miles de muertes prematuras cada a\u00f1o, salvaguardar los ecosistemas y situar la calidad del aire como pilar de la transici\u00f3n ecol\u00f3gica y la justicia ambiental en Europa. Estudios de impacto de la Comisi\u00f3n muestran que los beneficios sanitarios y clim\u00e1ticos exceder\u00e1n ampliamente los costes, gracias a menos gastos m\u00e9dicos y d\u00edas laborables perdidos, reforzando la competitividad y la cohesi\u00f3n social.<\/p>\n\n\n\n<p><em>Cumple la nueva Directiva Europea de Calidad del Aire con la tecnolog\u00eda de <a href=\"http:\/\/mcvsa.com\" data-type=\"link\" data-id=\"mcvsa.com\" target=\"_blank\" rel=\"noopener noreferrer nofollow\">MCV<\/a> \u2014 solicita hoy mismo tu consultor\u00eda gratuita y garantiza mediciones precisas y fiables.<\/em><\/p>\n\n\n\n<p><\/p>\n\t\t\t\t\t\t\t\t<\/div>\n\t\t\t\t<\/div>\n\t\t\t\t\t<\/div>\n\t\t\t\t<\/div>\n\t\t\t\t<\/div>\n\t\t","protected":false},"excerpt":{"rendered":"<p>Objeto y alcanceEl art\u00edculo 1 fija la meta de \u00abausencia de contaminaci\u00f3n\u00bb en 2050 mediante valores l\u00edmite, valores objetivo y umbrales recogidos en el anexo I. El art\u00edculo 2 ordena: definir est\u00e1ndares, armonizar mediciones, vigilar tendencias, garantizar datos comparables, conservar la buena calidad y reforzar la cooperaci\u00f3n transfronteriza. Revisi\u00f3n cient\u00edfica continuaEl art\u00edculo 3 obliga a [&hellip;]<\/p>\n","protected":false},"author":6,"featured_media":0,"comment_status":"open","ping_status":"open","sticky":false,"template":"","format":"standard","meta":{"_acf_changed":false,"footnotes":""},"categories":[34],"tags":[],"class_list":["post-6312","post","type-post","status-publish","format-standard","hentry","category-mcv"],"acf":[],"_links":{"self":[{"href":"https:\/\/mcvsa.com\/es\/wp-json\/wp\/v2\/posts\/6312","targetHints":{"allow":["GET"]}}],"collection":[{"href":"https:\/\/mcvsa.com\/es\/wp-json\/wp\/v2\/posts"}],"about":[{"href":"https:\/\/mcvsa.com\/es\/wp-json\/wp\/v2\/types\/post"}],"author":[{"embeddable":true,"href":"https:\/\/mcvsa.com\/es\/wp-json\/wp\/v2\/users\/6"}],"replies":[{"embeddable":true,"href":"https:\/\/mcvsa.com\/es\/wp-json\/wp\/v2\/comments?post=6312"}],"version-history":[{"count":3,"href":"https:\/\/mcvsa.com\/es\/wp-json\/wp\/v2\/posts\/6312\/revisions"}],"predecessor-version":[{"id":6535,"href":"https:\/\/mcvsa.com\/es\/wp-json\/wp\/v2\/posts\/6312\/revisions\/6535"}],"wp:attachment":[{"href":"https:\/\/mcvsa.com\/es\/wp-json\/wp\/v2\/media?parent=6312"}],"wp:term":[{"taxonomy":"category","embeddable":true,"href":"https:\/\/mcvsa.com\/es\/wp-json\/wp\/v2\/categories?post=6312"},{"taxonomy":"post_tag","embeddable":true,"href":"https:\/\/mcvsa.com\/es\/wp-json\/wp\/v2\/tags?post=6312"}],"curies":[{"name":"wp","href":"https:\/\/api.w.org\/{rel}","templated":true}]}}